{"id":27399101,"date":"2026-01-17T15:21:00","date_gmt":"2026-01-17T14:21:00","guid":{"rendered":"https:\/\/daria-us.com\/?p=27399101"},"modified":"2026-02-06T13:50:05","modified_gmt":"2026-02-06T12:50:05","slug":"when-young-people-learn-leadership","status":"publish","type":"post","link":"https:\/\/daria-us.com\/en\/when-young-people-learn-leadership\/","title":{"rendered":"When young people learn leadership"},"content":{"rendered":"<p>[et_pb_section fb_built=&#8220;1&#8243; _builder_version=&#8220;4.27.4&#8243; _module_preset=&#8220;default&#8220; global_colors_info=&#8220;{}&#8220; theme_builder_area=&#8220;post_content&#8220;][et_pb_row _builder_version=&#8220;4.27.4&#8243; _module_preset=&#8220;default&#8220; global_colors_info=&#8220;{}&#8220; theme_builder_area=&#8220;post_content&#8220;][et_pb_column type=&#8220;4_4&#8243; _builder_version=&#8220;4.27.4&#8243; _module_preset=&#8220;default&#8220; global_colors_info=&#8220;{}&#8220; theme_builder_area=&#8220;post_content&#8220;][et_pb_text _builder_version=&#8220;4.27.4&#8243; _module_preset=&#8220;default&#8220; custom_padding=&#8220;||0px|||&#8220; global_colors_info=&#8220;{}&#8220; theme_builder_area=&#8220;post_content&#8220;]<\/p>\n<p><span style=\"color: #006666;\"><em>Zw\u00f6lf Jugendliche. Eine Woche in Florida. Und die Frage: Sind sie bereit, Verantwortung zu \u00fcbernehmen? Die Young Manager Academy ist kein Ferienprogramm. Sie ist eine Investition, in die, die DARIA morgen weitertragen.<\/em><\/span><\/p>\n<p class=\"font-claude-response-body break-words whitespace-normal leading-[1.7]\">Wer bei DARIA nur an Luxusvillen und Renditen denkt, \u00fcbersieht einen wesentlichen Teil unserer Vision. Denn bei allem, was wir in Cape Coral aufbauen, geht es um mehr als Immobilien. Es geht um eine Community, die Bestand hat. Um Werte, die weitergegeben werden. Und um junge Menschen, die bereit sind, in Zukunft Verantwortung zu \u00fcbernehmen.<\/p>\n<p class=\"font-claude-response-body break-words whitespace-normal leading-[1.7]\">Genau deshalb haben wir die <span style=\"color: #006666;\"><strong>Young Manager Academy<\/strong><\/span> ins Leben gerufen.<\/p>\n<p class=\"whitespace-normal break-words\">\n<p>[\/et_pb_text][\/et_pb_column][\/et_pb_row][et_pb_row _builder_version=&#8220;4.27.4&#8243; _module_preset=&#8220;default&#8220; global_colors_info=&#8220;{}&#8220; theme_builder_area=&#8220;post_content&#8220;][et_pb_column type=&#8220;4_4&#8243; _builder_version=&#8220;4.27.4&#8243; _module_preset=&#8220;default&#8220; global_colors_info=&#8220;{}&#8220; theme_builder_area=&#8220;post_content&#8220;][et_pb_image src=&#8220;https:\/\/daria-us.com\/wp-content\/uploads\/2025\/11\/Leadership-lernen.jpg&#8220; alt=&#8220;DARIA_News_The Legend &#8211; Vom Deutschen Fernsehen nach Florida&#8220; title_text=&#8220;Leadership-lernen&#8220; _builder_version=&#8220;4.27.5&#8243; _module_preset=&#8220;default&#8220; global_colors_info=&#8220;{}&#8220; theme_builder_area=&#8220;post_content&#8220;][\/et_pb_image][\/et_pb_column][\/et_pb_row][et_pb_row _builder_version=&#8220;4.27.5&#8243; _module_preset=&#8220;default&#8220; custom_padding=&#8220;|||8px||&#8220; global_colors_info=&#8220;{}&#8220; theme_builder_area=&#8220;post_content&#8220;][et_pb_column type=&#8220;4_4&#8243; _builder_version=&#8220;4.27.5&#8243; _module_preset=&#8220;default&#8220; global_colors_info=&#8220;{}&#8220; theme_builder_area=&#8220;post_content&#8220;][et_pb_text _builder_version=&#8220;4.27.5&#8243; _module_preset=&#8220;default&#8220; global_colors_info=&#8220;{}&#8220; theme_builder_area=&#8220;post_content&#8220;]<\/p>\n<h2><span style=\"color: #006666;\">Warum junge Menschen? Warum jetzt?<br \/><\/span><\/h2>\n<p class=\"font-claude-response-body break-words whitespace-normal leading-[1.7]\">\u201eDie Jugend von heute&#8230;&#8220; \u2013 diesen Satz h\u00f6ren wir oft, meist mit einem resignierten Unterton. Frank Rahlf sieht das grundlegend anders. F\u00fcr ihn sind junge Menschen heute genauso f\u00e4hig, engagiert und wertvoll wie vor 50 Jahren. Das Problem liegt nicht bei ihnen, sondern darin, dass sie in einer Flut von Informationen \u2013 TikTok, Facebook, Instagram \u2013 oft die falschen Vorbilder und Werte vermittelt bekommen.<\/p>\n<p class=\"font-claude-response-body break-words whitespace-normal leading-[1.7]\">\u201eDie jungen Menschen sind heutzutage vielen Einfl\u00fcssen ausgesetzt. Das macht es f\u00fcr sie manchmal schwer, herauszufinden, was wirklich wichtig ist im Leben&#8220;, sagt Jennifer Hagermeister, die Koordinatorin der Young Manager Academy. \u201eUnd genau da setzen wir an.&#8220;<\/p>\n<p class=\"font-claude-response-body break-words whitespace-normal leading-[1.7]\">Die Frage ist nicht, ob junge Menschen heute noch gut genug sind. Die Frage ist: Bekommen sie noch die richtigen Impulse? Haben sie Vorbilder, die ihnen zeigen, was Leadership wirklich bedeutet? Lernen sie, dass Erfolg nicht nur aus Likes und Followern besteht, sondern aus echter Leistung, aus Durchhalteverm\u00f6gen, aus dem Mut, Verantwortung zu \u00fcbernehmen?<\/p>\n<p class=\"font-claude-response-body break-words whitespace-normal leading-[1.7]\">DARIA ist kein Projekt f\u00fcr ein paar Jahre. Es ist ein Generationenprojekt. Was wir heute beginnen, soll morgen von denen weitergef\u00fchrt werden, die heute 14, 16 oder 18 Jahre alt sind. Daf\u00fcr m\u00fcssen sie lernen, was Leadership bedeutet \u2013 nicht im Sinne von Konzernkarrieren, sondern als Menschen, die in ihrem Umfeld mit gutem Beispiel vorangehen.<\/p>\n<p class=\"font-claude-response-body break-words whitespace-normal leading-[1.7]\">\u201eLeadership hei\u00dft nicht, dass man CEO werden muss&#8220;, betont Jennifer. \u201eMan kann auch einfach Leader in seinem Freundeskreis sein, in der Schule, in der Familie. Es geht darum, mit gutem Beispiel voranzugehen. Das ist schon Leadership.&#8220;<\/p>\n<p>[\/et_pb_text][\/et_pb_column][\/et_pb_row][et_pb_row _builder_version=&#8220;4.27.5&#8243; _module_preset=&#8220;default&#8220; global_colors_info=&#8220;{}&#8220; theme_builder_area=&#8220;post_content&#8220;][et_pb_column type=&#8220;4_4&#8243; _builder_version=&#8220;4.27.5&#8243; _module_preset=&#8220;default&#8220; global_colors_info=&#8220;{}&#8220; theme_builder_area=&#8220;post_content&#8220;][et_pb_image src=&#8220;https:\/\/daria-us.com\/wp-content\/uploads\/2025\/11\/Jugendliche-am-Strand.jpg&#8220; alt=&#8220;DARIA_News_eBook Auswandern&#8220; title_text=&#8220;Jugendliche-am-Strand&#8220; _builder_version=&#8220;4.27.5&#8243; _module_preset=&#8220;default&#8220; global_colors_info=&#8220;{}&#8220; theme_builder_area=&#8220;post_content&#8220;][\/et_pb_image][\/et_pb_column][\/et_pb_row][et_pb_row _builder_version=&#8220;4.27.4&#8243; _module_preset=&#8220;default&#8220; custom_padding=&#8220;|||0px||&#8220; global_colors_info=&#8220;{}&#8220; theme_builder_area=&#8220;post_content&#8220;][et_pb_column type=&#8220;4_4&#8243; _builder_version=&#8220;4.27.4&#8243; _module_preset=&#8220;default&#8220; global_colors_info=&#8220;{}&#8220; theme_builder_area=&#8220;post_content&#8220;][et_pb_text _builder_version=&#8220;4.27.4&#8243; _module_preset=&#8220;default&#8220; custom_padding=&#8220;||0px|||&#8220; global_colors_info=&#8220;{}&#8220; theme_builder_area=&#8220;post_content&#8220;]<\/p>\n<h2><span style=\"color: #006666;\">Eine Woche, die pr\u00e4gt<\/span><\/h2>\n<p class=\"font-claude-response-body break-words whitespace-normal leading-[1.7]\">Im Sommer 2025 fand die Young Manager Academy zum ersten Mal offiziell statt. 12 Jugendliche zwischen 14 und 18 Jahren \u2013 sechs Jungs, sechs M\u00e4dchen \u2013 kamen f\u00fcr eine intensive Woche nach Cape Coral. Untergebracht in zwei DARIA-Villen im Norden von Cape Coral, nur wenige Minuten voneinander entfernt, lebten sie nicht nur den Florida-Lifestyle, sondern lernten, was es hei\u00dft, Verantwortung zu \u00fcbernehmen.<\/p>\n<h3 class=\"text-text-100 mt-2 -mb-1 text-base font-bold\"><\/h3>\n<p class=\"font-claude-response-body break-words whitespace-normal leading-[1.7]\">Jeder Morgen startete bereits mit einem gewissen Ma\u00df an Disziplin. Um 7:45 Uhr kam bereits jemand aus dem DARIA-Team vorbei. Bevor um 8 Uhr das Tagesprogramm losging, wurde geschaut, ob die Betten gemacht sind und das Badezimmer ordentlich ist. Sieht die Villa aus wie Kraut und R\u00fcben? Oder so, wie man sie vorgefunden hat?<\/p>\n<p class=\"font-claude-response-body break-words whitespace-normal leading-[1.7]\">\u201eEs geht darum, sich bewusst zu machen, dass man mit fremdem Eigentum ordentlich umgeht&#8220;, sagt Jennifer. \u201eDas Haus geh\u00f6rt Mitgliedern aus unserer Community. Mit deren Eigentum gehe ich pfleglich um.&#8220;<\/p>\n<p class=\"font-claude-response-body break-words whitespace-normal leading-[1.7]\">Klingt nach Kleinigkeit? Ist es nicht. Denn genau hier f\u00e4ngt Verantwortung an. Im Kleinen. Im Allt\u00e4glichen. Bevor man \u00fcber gro\u00dfe Visionen spricht, muss man lernen, das eigene Bett zu machen.<\/p>\n<blockquote><\/blockquote>\n<p class=\"whitespace-normal break-words\">\n<p>[\/et_pb_text][et_pb_text _builder_version=&#8220;4.27.4&#8243; _module_preset=&#8220;default&#8220; custom_padding=&#8220;||0px|||&#8220; global_colors_info=&#8220;{}&#8220; theme_builder_area=&#8220;post_content&#8220;]<\/p>\n<h2><span style=\"color: #006666;\">Ein Programm, das fordert und f\u00f6rdert<\/span><\/h2>\n<p class=\"font-claude-response-body break-words whitespace-normal leading-[1.7]\">Das Tagesprogramm war bewusst vielseitig \u2013 k\u00f6rperlich, mental, praktisch. Die Jugendlichen sollten in verschiedenen Situationen erleben, wo ihre St\u00e4rken liegen und wo sie noch wachsen k\u00f6nnen.<\/p>\n<p class=\"font-claude-response-body break-words whitespace-normal leading-[1.7]\"><strong>Gespr\u00e4che mit Frank<\/strong> \u00fcber Leadership, Werte und pers\u00f6nliche Entwicklung bildeten das Fundament. Hier ging es um die gro\u00dfen Fragen: Was bedeutet es, Verantwortung zu \u00fcbernehmen? Wie geht man mit R\u00fcckschl\u00e4gen um? Wie f\u00fchrt man, ohne zu dominieren?<\/p>\n<p class=\"font-claude-response-body break-words whitespace-normal leading-[1.7]\"><strong>Eine Bootstour<\/strong> \u00fcber die Kan\u00e4le von Cape Coral zeigte nicht nur die landschaftliche Sch\u00f6nheit, sondern auch, was es hei\u00dft, auf engem Raum zusammenzuarbeiten, aufeinander zu achten und gemeinsam etwas zu erleben.<\/p>\n<p class=\"font-claude-response-body break-words whitespace-normal leading-[1.7]\"><strong>Kampfsport<\/strong> trainierte Disziplin, Durchhalteverm\u00f6gen und Respekt. Hier lernten die Jugendlichen: Es geht nicht darum, den anderen zu besiegen, sondern sich selbst zu \u00fcberwinden.<\/p>\n<p class=\"font-claude-response-body break-words whitespace-normal leading-[1.7]\"><strong>Strandtage mit sportlichen Challenges<\/strong> \u2013 keine lockeren Beachvolleyball-Runden, sondern echte Wettk\u00e4mpfe, bei denen Teamgeist, Strategie und Einsatz z\u00e4hlten.\u00a0<\/p>\n<p class=\"font-claude-response-body break-words whitespace-normal leading-[1.7]\"><strong>Ein 3-G\u00e4nge-Men\u00fc kochen<\/strong> f\u00fcr den Vorstand und ausgew\u00e4hlte F\u00fchrungskr\u00e4fte. Die Jugendlichen wurden in zwei Gruppen aufgeteilt, planten gemeinsam das Men\u00fc, gingen einkaufen, kochten, deckten den Tisch, servierten \u2013 und r\u00e4umten danach alles wieder auf. \u201eDas war wirklich ein ganz besonderer Abend&#8220;, erinnert sich Jennifer. \u201eUnsere Teilnehmer haben alles selbst organisiert, sich abgesprochen und Aufgaben verteilt. Und das Essen war zudem fantastisch.&#8220;<\/p>\n<p class=\"font-claude-response-body break-words whitespace-normal leading-[1.7]\"><strong>Sportevents<\/strong> live erleben, wie Spitzenleistung entsteht, wie Teams funktionieren, wie man auch unter Druck cool bleibt.<\/p>\n<p class=\"font-claude-response-body break-words whitespace-normal leading-[1.7]\">Alles, was die Jugendlichen taten, wurde bewertet. Nicht, um Druck aufzubauen oder Angst zu sch\u00fcren, sondern um zu zeigen: Was du tust, wird gesehen. Dein Einsatz z\u00e4hlt. Deine Haltung macht einen Unterschied.<\/p>\n<p class=\"font-claude-response-body break-words whitespace-normal leading-[1.7]\">Am Ende der Woche gab es eine gemeinsame Auswertung. Jeder Jugendliche bekam Feedback zu dem, was er geleistet hatte. Und es gab eine Belohnung f\u00fcr alle \u2013 mit einem Extra f\u00fcr die Erst- bis Drittplatzierten. Wer sich besonders engagiert hatte, bekam das auch honoriert.<\/p>\n<blockquote><\/blockquote>\n<p class=\"whitespace-normal break-words\">\n<p>[\/et_pb_text][et_pb_image src=&#8220;https:\/\/daria-us.com\/wp-content\/uploads\/2025\/11\/Beachvolleyball.jpg&#8220; title_text=&#8220;Beachvolleyball&#8220; _builder_version=&#8220;4.27.5&#8243; _module_preset=&#8220;default&#8220; global_colors_info=&#8220;{}&#8220; theme_builder_area=&#8220;post_content&#8220;][\/et_pb_image][\/et_pb_column][\/et_pb_row][et_pb_row _builder_version=&#8220;4.27.5&#8243; _module_preset=&#8220;default&#8220; global_colors_info=&#8220;{}&#8220; theme_builder_area=&#8220;post_content&#8220;][et_pb_column type=&#8220;4_4&#8243; _builder_version=&#8220;4.27.5&#8243; _module_preset=&#8220;default&#8220; global_colors_info=&#8220;{}&#8220; theme_builder_area=&#8220;post_content&#8220;][et_pb_text _builder_version=&#8220;4.27.5&#8243; _module_preset=&#8220;default&#8220; custom_margin=&#8220;||-13px|||&#8220; global_colors_info=&#8220;{}&#8220; theme_builder_area=&#8220;post_content&#8220;]<\/p>\n<p><span style=\"color: #006666; font-size: 36px; font-family: Cormorant, Georgia, 'Times New Roman', serif; letter-spacing: 1px;\">Challenges geh\u00f6ren dazu<\/span><\/p>\n<p class=\"font-claude-response-body break-words whitespace-normal leading-[1.7]\">\u201eEs ist auch nicht immer nur alles ganz locker und entspannt\u201c, sagt Jennifer. \u201eDie Kinder d\u00fcrfen in Challenges gehen und sehen, dass man sich M\u00fche geben muss. Wer vorne dabei war, darf sich freuen. Wer hinten war, lernt daraus und ist vielleicht bei der n\u00e4chsten Challenge vorne.\u201c<\/p>\n<p class=\"font-claude-response-body break-words whitespace-normal leading-[1.7]\">Das ist wichtig. Denn in einer Welt, in der jeder eine Medaille f\u00fcrs Mitmachen bekommt, lernen junge Menschen nicht mehr, mit Niederlagen umzugehen. Sie lernen nicht, dass man sich anstrengen muss, um etwas zu erreichen. Und sie lernen nicht, dass es okay ist, auch mal zu scheitern \u2013 solange man daraus lernt.<\/p>\n<p class=\"font-claude-response-body break-words whitespace-normal leading-[1.7]\">Ein Beispiel vom Kochen: Einer der Jugendlichen hatte sich bereit erkl\u00e4rt, das Gem\u00fcse zu schneiden. Klingt einfach. War es aber nicht. Denn er merkte schnell:<\/p>\n<p class=\"font-claude-response-body break-words whitespace-normal leading-[1.7]\">Mit dem Sparsch\u00e4ler kam er \u00fcberhaupt nicht zurecht. Das Gem\u00fcse wollte einfach nicht so, wie er wollte.<\/p>\n<p class=\"font-claude-response-body break-words whitespace-normal leading-[1.7]\">Was h\u00e4tte er machen k\u00f6nnen? Durchziehen, auch wenn\u2019s nicht klappt. Aufgeben. Sich verstecken.<\/p>\n<p class=\"font-claude-response-body break-words whitespace-normal leading-[1.7]\">Er tat etwas anderes: Er machte weiter \u2013 und ein anderer Teilnehmer sah es.<\/p>\n<p class=\"font-claude-response-body break-words whitespace-normal leading-[1.7]\">\u201eBrauchst du Hilfe?\u201c, kam es von der Seite. \u201eJa, kannst du das machen? Dann mache ich daf\u00fcr deins.\u201c Die Gruppe organisierte sich neu. Jeder \u00fcbernahm das, was er am besten konnte. Und am Ende stand ein Drei-G\u00e4nge-Men\u00fc auf dem Tisch, das den Vorstand beeindruckte.<\/p>\n<p class=\"font-claude-response-body break-words whitespace-normal leading-[1.7]\">\u201eDas war wirklich toll zu sehen\u201c, sagt Jennifer. \u201eDass die jungen Menschen von sich aus gesagt haben: Brauchst du Hilfe? Ohne dass wir das vorgeben mussten. Die haben das untereinander geregelt.\u201c<\/p>\n<p class=\"font-claude-response-body break-words whitespace-normal leading-[1.7]\">Das ist Leadership. Nicht der St\u00e4rkste zu sein, sondern der, der erkennt, wo Hilfe gebraucht wird \u2013 und wo man selbst Hilfe annehmen muss.<\/p>\n<ul><\/ul>\n<h2><span style=\"color: #006666;\">Abends geh\u00f6rt die Villa den Teens<\/span><\/h2>\n<p class=\"font-claude-response-body break-words whitespace-normal leading-[1.7]\">Tags\u00fcber Programm, abends Freizeit. Die Jugendlichen waren nicht rund um die Uhr betreut. Sie hatten ihre eigenen Villen, ihre eigene Zeit. Und sie nutzten sie \u2013 meistens gemeinsam. Einer der Jungs hatte den F\u00fchrerschein, fuhr die anderen zu den M\u00e4dels r\u00fcber. Dort verbrachten sie den Abend zusammen. Die Villen lagen nur drei Minuten voneinander entfernt.<\/p>\n<p class=\"font-claude-response-body break-words whitespace-normal leading-[1.7]\">\u201eDie waren wirklich eine eingeschworene Truppe\u201c, erz\u00e4hlt Jennifer. \u201eUnd das Sch\u00f6ne war: Die haben sich einander unterst\u00fctzt, Spa\u00df gehabt, aber auch selbst darauf geachtet, dass alles ordentlich bleibt.\u201c<\/p>\n<h2 class=\"text-text-100 mt-3 -mb-1 text-[1.125rem] font-bold\"><span style=\"color: #006666;\">Jedes Programm ist anders<\/span>\u00a0<\/h2>\n<p class=\"font-claude-response-body break-words whitespace-normal leading-[1.7]\">Die Young Manager Academy ist kein starres Programm, das Jahr f\u00fcr Jahr identisch abgespult wird. Jedes Jahr wird neu geplant, basierend auf den Teilnehmern und den Erfahrungen, die wir sammeln.<\/p>\n<p class=\"font-claude-response-body break-words whitespace-normal leading-[1.7]\">\u201eWir lernen mit jeder Gruppe dazu\u201c, sagt Jennifer. \u201eWir sehen, was funktioniert, und was nicht. Wir sehen, wo die Jugendlichen richtig aufbl\u00fchen und wo sie vielleicht \u00fcberfordert sind. Und dann passen wir das Programm entsprechend an.\u201c<\/p>\n<p class=\"font-claude-response-body break-words whitespace-normal leading-[1.7]\">Das bedeutet f\u00fcr m\u00f6gliche Teilnehmer: keine Erwartungen an identische Abl\u00e4ufe. Kein Versprechen, dass es jedes Jahr dieselben H\u00f6hepunkte gibt. Sondern Raum f\u00fcr Entwicklung \u2013 auf beiden Seiten. Die Jugendlichen entwickeln sich. Und auch wir als Veranstalter lernen mit jeder Academy dazu.<\/p>\n<h2 class=\"text-text-100 mt-2 -mb-1 text-base font-bold\"><span style=\"color: #006666;\">12 Pl\u00e4tze, eine Woche, ein Ziel<\/span><\/h2>\n<p class=\"font-claude-response-body break-words whitespace-normal leading-[1.7]\">Die Academy findet jedes Jahr in der Woche statt, in der alle deutschen Bundesl\u00e4nder gleichzeitig Ferien haben \u2013 meistens handelt es sich dabei um die erste Augustwoche. So kann jeder Jugendliche teilnehmen, unabh\u00e4ngig davon, wo er in Deutschland lebt.<\/p>\n<p class=\"font-claude-response-body break-words whitespace-normal leading-[1.7]\">Zw\u00f6lf Pl\u00e4tze gibt es pro Jahr. Im ersten Jahr war es zuf\u00e4llig genau ausgewogen: sechs Jungs, sechs M\u00e4dchen. Das muss nicht so bleiben, wird es vermutlich auch nicht. Die Aufteilung auf zwei Villen \u2013 eine f\u00fcr Jungs, eine f\u00fcr M\u00e4dchen \u2013 funktioniert flexibel, je nachdem, wer sich anmeldet.<\/p>\n<p class=\"font-claude-response-body break-words whitespace-normal \">\n<p>[\/et_pb_text][\/et_pb_column][\/et_pb_row][et_pb_row _builder_version=&#8220;4.27.5&#8243; _module_preset=&#8220;default&#8220; custom_padding=&#8220;5px|||||&#8220; global_colors_info=&#8220;{}&#8220; theme_builder_area=&#8220;post_content&#8220;][et_pb_column type=&#8220;4_4&#8243; _builder_version=&#8220;4.27.5&#8243; _module_preset=&#8220;default&#8220; global_colors_info=&#8220;{}&#8220; theme_builder_area=&#8220;post_content&#8220;][et_pb_image src=&#8220;https:\/\/daria-us.com\/wp-content\/uploads\/2025\/11\/Junge-Frauen-happy.jpg&#8220; title_text=&#8220;Junge-Frauen-happy&#8220; _builder_version=&#8220;4.27.5&#8243; _module_preset=&#8220;default&#8220; global_colors_info=&#8220;{}&#8220; theme_builder_area=&#8220;post_content&#8220;][\/et_pb_image][\/et_pb_column][\/et_pb_row][et_pb_row _builder_version=&#8220;4.27.5&#8243; _module_preset=&#8220;default&#8220; custom_margin=&#8220;|auto|-23px|auto||&#8220; global_colors_info=&#8220;{}&#8220; theme_builder_area=&#8220;post_content&#8220;][et_pb_column type=&#8220;4_4&#8243; _builder_version=&#8220;4.27.5&#8243; _module_preset=&#8220;default&#8220; global_colors_info=&#8220;{}&#8220; theme_builder_area=&#8220;post_content&#8220;][et_pb_text _builder_version=&#8220;4.27.5&#8243; _module_preset=&#8220;default&#8220; global_colors_info=&#8220;{}&#8220; theme_builder_area=&#8220;post_content&#8220;]<\/p>\n<h2 class=\"text-text-100 mt-2 -mb-1 text-base font-bold\"><span style=\"color: #006666;\">Was DARIA von anderen unterscheidet<\/span><\/h2>\n<p class=\"font-claude-response-body break-words whitespace-normal leading-[1.7]\">Es gibt viele Camps und Akademien f\u00fcr junge Menschen. Was macht die Young Manager Academy anders?<\/p>\n<p class=\"font-claude-response-body break-words whitespace-normal leading-[1.7]\">Sie ist keine Ferien-Bespa\u00dfung. Keine Woche Wellness mit ein bisschen Coaching obendrauf. Und auch kein knallhartes Boot Camp, bei dem Jugendliche unter Drill stehen.<\/p>\n<p class=\"font-claude-response-body break-words whitespace-normal leading-[1.7]\">Sie ist ein Angebot an junge Menschen, die bereit sind, \u00fcber sich hinauszuwachsen. Die wissen wollen, was in ihnen steckt. Die lernen wollen, was es hei\u00dft, Verantwortung zu \u00fcbernehmen \u2013 f\u00fcr sich selbst und f\u00fcr andere.<\/p>\n<p class=\"font-claude-response-body break-words whitespace-normal leading-[1.7]\">Und sie ist Teil einer gr\u00f6\u00dferen Vision: DARIA als Community, die nicht nur auf Rendite, sondern auf Werte setzt. Auf Menschen, die gemeinsam etwas aufbauen. Auf eine Zukunft, in der die n\u00e4chste Generation nicht nur konsumiert, sondern gestaltet.<\/p>\n<p>[\/et_pb_text][\/et_pb_column][\/et_pb_row][et_pb_row _builder_version=&#8220;4.27.5&#8243; _module_preset=&#8220;default&#8220; global_colors_info=&#8220;{}&#8220; theme_builder_area=&#8220;post_content&#8220;][et_pb_column type=&#8220;4_4&#8243; _builder_version=&#8220;4.27.5&#8243; _module_preset=&#8220;default&#8220; global_colors_info=&#8220;{}&#8220; theme_builder_area=&#8220;post_content&#8220;][et_pb_text _builder_version=&#8220;4.27.5&#8243; _module_preset=&#8220;default&#8220; global_colors_info=&#8220;{}&#8220; theme_builder_area=&#8220;post_content&#8220;]<\/p>\n<h2><span style=\"color: #006666;\">Wer kann teilnehmen?<\/span><\/h2>\n<p class=\"font-claude-response-body break-words whitespace-normal leading-[1.7]\">Die Young Manager Academy richtet sich an Jugendliche zwischen 14 und 18 Jahren. Aber nicht jeder Jugendliche in diesem Alter passt automatisch zur Academy. Es geht um eine bestimmte Haltung.<\/p>\n<p class=\"font-claude-response-body break-words whitespace-normal leading-[1.7]\"><strong>Du solltest teilnehmen, wenn du<\/strong><\/p>\n<ul class=\"[li_&amp;]:mb-0 [li_&amp;]:mt-1 [li_&amp;]:gap-1 [&amp;:not(:last-child)_ul]:pb-1 [&amp;:not(:last-child)_ol]:pb-1 list-disc flex flex-col gap-1 pl-8 mb-3\">\n<li class=\"whitespace-normal break-words pl-2\">Lust hast, \u00fcber dich hinauszuwachsen<\/li>\n<li class=\"whitespace-normal break-words pl-2\">bereit bist, dich Herausforderungen zu stellen<\/li>\n<li class=\"whitespace-normal break-words pl-2\">wissen willst, was in dir steckt<\/li>\n<li class=\"whitespace-normal break-words pl-2\">lernen m\u00f6chtest, was Verantwortung wirklich bedeutet<\/li>\n<li class=\"whitespace-normal break-words pl-2\">Teil einer Community werden willst, die mehr will als Durchschnitt<\/li>\n<li class=\"whitespace-normal break-words pl-2\">Offen bist f\u00fcr neue Perspektiven und Erfahrungen<\/li>\n<\/ul>\n<p class=\"font-claude-response-body break-words whitespace-normal leading-[1.7]\"><strong>Die Academy ist nichts f\u00fcr dich, wenn du:<\/strong><\/p>\n<ul class=\"[li_&amp;]:mb-0 [li_&amp;]:mt-1 [li_&amp;]:gap-1 [&amp;:not(:last-child)_ul]:pb-1 [&amp;:not(:last-child)_ol]:pb-1 list-disc flex flex-col gap-1 pl-8 mb-3\">\n<li class=\"whitespace-normal break-words pl-2\">Nur eine nette Ferienwoche suchst<\/li>\n<li class=\"whitespace-normal break-words pl-2\">Nicht bereit bist, dich anzustrengen<\/li>\n<li class=\"whitespace-normal break-words pl-2\">Erwartungen hast, dass alles immer easy und locker l\u00e4uft<\/li>\n<li class=\"whitespace-normal break-words pl-2\">Nur konsumieren, aber nicht gestalten willst<\/li>\n<\/ul>\n<p class=\"font-claude-response-body break-words whitespace-normal leading-[1.7]\">Die Young Manager Academy ist keine Belohnung. Sie ist eine Chance. Und wie jede echte Chance erfordert sie Einsatz.<\/p>\n<p>[\/et_pb_text][\/et_pb_column][\/et_pb_row][et_pb_row _builder_version=&#8220;4.27.5&#8243; _module_preset=&#8220;default&#8220; global_colors_info=&#8220;{}&#8220; theme_builder_area=&#8220;post_content&#8220;][et_pb_column type=&#8220;4_4&#8243; _builder_version=&#8220;4.27.5&#8243; _module_preset=&#8220;default&#8220; global_colors_info=&#8220;{}&#8220; theme_builder_area=&#8220;post_content&#8220;][et_pb_image src=&#8220;https:\/\/daria-us.com\/wp-content\/uploads\/2025\/11\/Jennifer-Hagemeister-Frank-Rahlf.jpg&#8220; title_text=&#8220;Jennifer-Hagemeister-Frank-Rahlf&#8220; _builder_version=&#8220;4.27.5&#8243; _module_preset=&#8220;default&#8220; global_colors_info=&#8220;{}&#8220; theme_builder_area=&#8220;post_content&#8220;][\/et_pb_image][\/et_pb_column][\/et_pb_row][et_pb_row _builder_version=&#8220;4.27.5&#8243; _module_preset=&#8220;default&#8220; global_colors_info=&#8220;{}&#8220; theme_builder_area=&#8220;post_content&#8220;][et_pb_column type=&#8220;4_4&#8243; _builder_version=&#8220;4.27.5&#8243; _module_preset=&#8220;default&#8220; global_colors_info=&#8220;{}&#8220; theme_builder_area=&#8220;post_content&#8220;][et_pb_text _builder_version=&#8220;4.27.5&#8243; _module_preset=&#8220;default&#8220; global_colors_info=&#8220;{}&#8220; theme_builder_area=&#8220;post_content&#8220;]<\/p>\n<h2 class=\"text-text-100 mt-2 -mb-1 text-base font-bold\"><span style=\"color: #006666;\">Wie l\u00e4uft die Bewerbung?<\/span><\/h2>\n<p class=\"font-claude-response-body break-words whitespace-normal leading-[1.7]\">Die Pl\u00e4tze sind begrenzt auf zw\u00f6lf Teilnehmer pro Jahr. Das ist bewusst so gew\u00e4hlt. Nur so k\u00f6nnen wir intensiv mit den Jugendlichen arbeiten, individuelle Gespr\u00e4che f\u00fchren und sicherstellen, dass jeder die Aufmerksamkeit bekommt, die er verdient.<\/p>\n<p class=\"font-claude-response-body break-words whitespace-normal leading-[1.7]\"><strong>Die Pl\u00e4tze f\u00fcr 2026 sind bereits ausgebucht.<\/strong> Die erste Academy hat so viele Familien begeistert, dass sich schon fr\u00fch Interessenten gemeldet haben.<\/p>\n<p class=\"font-claude-response-body break-words whitespace-normal leading-[1.7]\"><strong>F\u00fcr 2027 gibt es noch freie Pl\u00e4tze auf der Warteliste<\/strong> \u2013 aber auch die f\u00fcllt sich schnell. Wer Interesse hat, sollte sich zeitnah melden.<\/p>\n<h2><span style=\"color: #006666;\">Du hast Fragen oder m\u00f6chtest dein Kind anmelden?<\/span><\/h2>\n<p class=\"font-claude-response-body break-words whitespace-normal leading-[1.7]\">Schreib an j.hagemeister(at)daria-us.com<\/p>\n<p class=\"font-claude-response-body break-words whitespace-normal leading-[1.7]\">Jennifer Hagermeister ist die Koordinatorin der Young Manager Academy und beantwortet gerne alle Fragen:<\/p>\n<ul class=\"[li_&amp;]:mb-0 [li_&amp;]:mt-1 [li_&amp;]:gap-1 [&amp;:not(:last-child)_ul]:pb-1 [&amp;:not(:last-child)_ol]:pb-1 list-disc flex flex-col gap-1 pl-8 mb-3\">\n<li class=\"whitespace-normal break-words pl-2\">Wie l\u00e4uft die Bewerbung genau ab?<\/li>\n<li class=\"whitespace-normal break-words pl-2\">Was kostet die Teilnahme?<\/li>\n<li class=\"whitespace-normal break-words pl-2\">Welche Voraussetzungen gibt es?<\/li>\n<li class=\"whitespace-normal break-words pl-2\">Wie sieht die Betreuung vor Ort aus?<\/li>\n<li class=\"whitespace-normal break-words pl-2\">Was m\u00fcssen die Jugendlichen mitbringen?<\/li>\n<\/ul>\n<p class=\"font-claude-response-body break-words whitespace-normal leading-[1.7]\">Sie nimmt sich Zeit f\u00fcr ein pers\u00f6nliches Gespr\u00e4ch \u2013 mit Eltern und mit den Jugendlichen selbst. Denn am Ende geht es darum, dass die Jugendlichen wirklich wollen. Nicht die Eltern. Nicht weil es gut im Lebenslauf aussieht. Sondern weil sie bereit sind, sich auf dieses Abenteuer einzulassen.<\/p>\n<p class=\"font-claude-response-body break-words whitespace-normal leading-[1.7]\">\n<p>[\/et_pb_text][et_pb_text _builder_version=&#8220;4.27.5&#8243; _module_preset=&#8220;default&#8220; global_colors_info=&#8220;{}&#8220; theme_builder_area=&#8220;post_content&#8220;]<\/p>\n<p class=\"font-claude-response-body break-words whitespace-normal leading-[1.7]\"><strong>Die Young Manager Academy ist mehr als ein Ferienprogramm. Sie ist eine Investition in die Zukunft \u2013 in junge Menschen, die bereit sind, Verantwortung zu \u00fcbernehmen. F\u00fcr sich selbst. F\u00fcr ihre Community. F\u00fcr das, was nach uns kommt.<\/strong><\/p>\n<p class=\"font-claude-response-body break-words whitespace-normal leading-[1.7]\"><strong>Sie ist Teil der DARIA-Vision: Eine Gemeinschaft aufzubauen, die nicht nur auf finanzielle Rendite setzt, sondern auf Werte, die Bestand haben. Auf Menschen, die gemeinsam etwas schaffen, das gr\u00f6\u00dfer ist als sie selbst. Und auf eine n\u00e4chste Generation, die bereit ist, diese Vision weiterzutragen.<\/strong><\/p>\n<p class=\"font-claude-response-body break-words whitespace-normal leading-[1.7]\"><strong>Denn was wir heute beginnen, soll morgen weiterleben \u2013 durch die, die jetzt noch 14, 16 oder 18 Jahre alt sind.<\/strong><\/p>\n<p class=\"font-claude-response-body break-words whitespace-normal leading-[1.7]\">\n<p>[\/et_pb_text][\/et_pb_column][\/et_pb_row][et_pb_row column_structure=&#8220;1_3,2_3&#8243; use_custom_gutter=&#8220;on&#8220; gutter_width=&#8220;1&#8243; admin_label=&#8220;Autorenprofil Rouven Zietz&#8220; _builder_version=&#8220;4.27.4&#8243; _module_preset=&#8220;default&#8220; background_color=&#8220;#f1eeeb&#8220; custom_padding=&#8220;|20px||20px|false|true&#8220; global_colors_info=&#8220;{}&#8220; theme_builder_area=&#8220;post_content&#8220;][et_pb_column type=&#8220;1_3&#8243; _builder_version=&#8220;4.22.2&#8243; _module_preset=&#8220;default&#8220; global_colors_info=&#8220;{}&#8220; theme_builder_area=&#8220;post_content&#8220;][et_pb_image src=&#8220;https:\/\/daria-us.com\/wp-content\/uploads\/2023\/11\/Autor-Rouven-Zietz2-300&#215;297.jpeg&#8220; alt=&#8220;Autor Rouven Zietz&#8220; title_text=&#8220;Autor Rouven Zietz&#8220; _builder_version=&#8220;4.23.1&#8243; _module_preset=&#8220;default&#8220; width=&#8220;80%&#8220; module_alignment=&#8220;center&#8220; custom_margin_tablet=&#8220;&#8220; custom_margin_phone=&#8220;||30px||false|false&#8220; custom_margin_last_edited=&#8220;on|phone&#8220; border_radii=&#8220;on|150px|150px|150px|150px&#8220; global_colors_info=&#8220;{}&#8220; theme_builder_area=&#8220;post_content&#8220;][\/et_pb_image][\/et_pb_column][et_pb_column type=&#8220;2_3&#8243; _builder_version=&#8220;4.22.2&#8243; _module_preset=&#8220;default&#8220; global_colors_info=&#8220;{}&#8220; theme_builder_area=&#8220;post_content&#8220;][et_pb_text _builder_version=&#8220;4.23&#8243; _module_preset=&#8220;default&#8220; text_text_color=&#8220;#006666&#8243; global_colors_info=&#8220;{}&#8220; theme_builder_area=&#8220;post_content&#8220;]<\/p>\n<p><em>Rouven Zietz<\/em><\/p>\n<p>Kommunikationsstratege<\/p>\n<p>Versteht Kommunikation als Verbindung \u2013 zwischen Menschen, Marken und Ideen. Als studierter Kommunikationsexperte (M.A.) mit journalistischem Hintergrund und strategischem Blick entwickelt er seit 18 Jahren klare, wirksame Konzepte f\u00fcr anspruchsvolle Kommunikation.<\/p>\n<p>[\/et_pb_text][\/et_pb_column][\/et_pb_row][\/et_pb_section]<\/p>\n","protected":false},"excerpt":{"rendered":"<p>Twelve young people. One week in Florida. And the question: Are they ready to take on responsibility? The Young Manager Academy is not a vacation program. It is an investment in those who will carry DARIA forward tomorrow.<\/p>","protected":false},"author":3,"featured_media":27397633,"comment_status":"open","ping_status":"closed","sticky":false,"template":"","format":"standard","meta":{"_et_pb_use_builder":"on","_et_pb_old_content":"","_et_gb_content_width":"","content-type":"","footnotes":""},"categories":[1],"tags":[],"dipi_cpt_category":[],"class_list":["post-27399101","post","type-post","status-publish","format-standard","has-post-thumbnail","hentry","category-mindset"],"_links":{"self":[{"href":"https:\/\/daria-us.com\/en\/wp-json\/wp\/v2\/posts\/27399101","targetHints":{"allow":["GET"]}}],"collection":[{"href":"https:\/\/daria-us.com\/en\/wp-json\/wp\/v2\/posts"}],"about":[{"href":"https:\/\/daria-us.com\/en\/wp-json\/wp\/v2\/types\/post"}],"author":[{"embeddable":true,"href":"https:\/\/daria-us.com\/en\/wp-json\/wp\/v2\/users\/3"}],"replies":[{"embeddable":true,"href":"https:\/\/daria-us.com\/en\/wp-json\/wp\/v2\/comments?post=27399101"}],"version-history":[{"count":5,"href":"https:\/\/daria-us.com\/en\/wp-json\/wp\/v2\/posts\/27399101\/revisions"}],"predecessor-version":[{"id":27399291,"href":"https:\/\/daria-us.com\/en\/wp-json\/wp\/v2\/posts\/27399101\/revisions\/27399291"}],"wp:featuredmedia":[{"embeddable":true,"href":"https:\/\/daria-us.com\/en\/wp-json\/wp\/v2\/media\/27397633"}],"wp:attachment":[{"href":"https:\/\/daria-us.com\/en\/wp-json\/wp\/v2\/media?parent=27399101"}],"wp:term":[{"taxonomy":"category","embeddable":true,"href":"https:\/\/daria-us.com\/en\/wp-json\/wp\/v2\/categories?post=27399101"},{"taxonomy":"post_tag","embeddable":true,"href":"https:\/\/daria-us.com\/en\/wp-json\/wp\/v2\/tags?post=27399101"},{"taxonomy":"dipi_cpt_category","embeddable":true,"href":"https:\/\/daria-us.com\/en\/wp-json\/wp\/v2\/dipi_cpt_category?post=27399101"}],"curies":[{"name":"wp","href":"https:\/\/api.w.org\/{rel}","templated":true}]}}